{"id":228,"date":"2022-09-04T18:05:46","date_gmt":"2022-09-04T18:05:46","guid":{"rendered":"https:\/\/observatoriopoliticouniversitario.com\/?p=228"},"modified":"2022-09-07T17:22:03","modified_gmt":"2022-09-07T17:22:03","slug":"petro-y-el-petrismo","status":"publish","type":"post","link":"https:\/\/observatoriopoliticouniversitario.com\/index.php\/2022\/09\/04\/petro-y-el-petrismo\/","title":{"rendered":"Petro y el petrismo"},"content":{"rendered":"\n<p>Mi amigo Pablo Guadarrama me hizo llegar un texto interesante sobre Marx y el marxismo que me sirvi\u00f3 de referencia para escribir estas notas sobre lo que ocurre con la pol\u00edtica colombiana a ra\u00edz del triunfo de Petro: la mimetizaci\u00f3n camale\u00f3nica.<\/p>\n\n\n\n<p>Dice el texto referente que \u201c es conocido que Marx en una entrevista para un diario en ingl\u00e9s a la pregunta si \u00e9l era marxista, respondi\u00f3 en franc\u00e9s que precisamente \u00e9l no era marxista\u201d.<\/p>\n\n\n\n<p>Esa expresi\u00f3n fue utilizada por sus cr\u00edticos para considerar que Marx se avergonzaba de su doctrina. Nada m\u00e1s alejado de la verdad, pues siempre fue consciente de sus extraordinarios descubrimientos cient\u00edficos publicados en muchas de sus obras, especialmente en la mejor de todas: El capital.<\/p>\n\n\n\n<p>El t\u00e9rmino marxismo lo acu\u00f1\u00f3 Engels, al considerar que los dos grandes descubrimientos de Marx: la plusval\u00eda y la concepci\u00f3n materialista de la historia eran suficientes para que \u201cel nombre del hombre m\u00e1s odiado y calumniado de su tiempo viviera a trav\u00e9s de los siglos y con \u00e9l su obra\u201d.<\/p>\n\n\n\n<p>Lo cierto es que el t\u00e9rmino, desde la misma \u00e9poca de Marx, qued\u00f3 y ha quedado reconocido a trav\u00e9s de la historia, a pesar de su desacuerdo con \u00e9l.<\/p>\n\n\n\n<p>La doctrina de Marx y de Engels ha sido el basti\u00f3n de la cr\u00edtica hist\u00f3rica contra el capitalismo y la gu\u00eda para la acci\u00f3n revolucionaria en el mundo por la gestaci\u00f3n y desarrollo del socialismo. Proyecto que hasta el d\u00eda de hoy aparece como una gran utop\u00eda que como tal, al decir de Galeano, \u201cse aleja a medida que se avanza hacia ella\u201d, pero que, desde mi perspectiva, ha servido para fortalecer la lucha hacia una sociedad m\u00e1s equitativa y humana.<\/p>\n\n\n\n<p>Si Marx con toda su producci\u00f3n te\u00f3rica fue reacio a admitir el t\u00e9rmino de marxismo, proveniente especialmente de seguidores en Francia, especialmente de su yerno el cubano Pablo Lafargue, sobradas razones podr\u00eda tener Petro para decir que no se hable de petrismo, como doctrina, si no de una perspectiva pol\u00edtica, progresista y humana, que hoy es poder y pugna por lograr una Colombia m\u00e1s humana, equitativa y justa.<\/p>\n\n\n\n<p>Quienes han acompa\u00f1ado y acompa\u00f1an a Petro tienen todo el derecho a exigir reconocimiento y espacios para continuar colectivamente trabajando por ese proyecto. Derecho que no tienen quienes desde el oportunismo pol\u00edtico aparecen ahora como adalides del humanismo, mostr\u00e1ndose como lo que nunca fueron, agazapados, esperando a \u00faltima hora embarcarse en el tren victorioso para satisfacer voraces apetitos clientelistas y personalistas pescando en r\u00edo revuelto.<\/p>\n\n\n\n<p>Pero Petro y quienes desde la Colombia Humana han venido empe\u00f1ados desde hace rato en materializar ese proyecto saben que -como lo se\u00f1alara la gran dirigente polaca Rosa Luxemburgo- \u201cel oportunismo pol\u00edtico solo conoce un \u00fanico principio, la ausencia de todo principio\u201d.<\/p>\n\n\n\n<p>\u00bfEst\u00e1 mal que todo el mundo quiera ser seguidor de Petro?. No me parece. Lo grave es que Petro y quienes dirigen el movimiento acepten que el oportunismo pol\u00edtico campee a sus anchas con personajes disfrazados que esperar\u00e1n el momento preciso para clavar la pu\u00f1alada trapera. Quienes llegan convencidos que pueden aportar sin c\u00e1lculos perversos deben ser bienvenidos sin sectarismo de capilla. Eso permitir\u00e1 un movimiento m\u00e1s robusto y fuerte para afrontar las dificultades que vendr\u00e1n despu\u00e9s de la luna de miel de un gobierno que apenas arranca, y, sobre el cual, ya arrecian las cr\u00edticas mal\u00e9volas que quieren matar las ilusiones del pueblo en su nido.<\/p>\n\n\n\n<p>Amanecer\u00e1 y veremos. Esto apenas comienza.<\/p>\n","protected":false},"excerpt":{"rendered":"<p>Mi amigo Pablo Guadarrama me hizo llegar un texto interesante sobre Marx y el marxismo que me sirvi\u00f3 de referencia para escribir estas notas sobre lo que ocurre con la pol\u00edtica colombiana a ra\u00edz del triunfo de Petro: la mimetizaci\u00f3n camale\u00f3nica. Dice el texto referente que \u201c es conocido que Marx en una entrevista para [&hellip;]<\/p>\n","protected":false},"author":1,"featured_media":231,"comment_status":"open","ping_status":"open","sticky":false,"template":"","format":"standard","meta":{"om_disable_all_campaigns":false,"_monsterinsights_skip_tracking":false,"_monsterinsights_sitenote_active":false,"_monsterinsights_sitenote_note":"","_monsterinsights_sitenote_category":0,"footnotes":""},"categories":[2],"tags":[39,38,34],"class_list":["post-228","post","type-post","status-publish","format-standard","has-post-thumbnail","hentry","category-politica","tag-petrismo","tag-petro","tag-universidad-del-atlantico"],"_links":{"self":[{"href":"https:\/\/observatoriopoliticouniversitario.com\/index.php\/wp-json\/wp\/v2\/posts\/228","targetHints":{"allow":["GET"]}}],"collection":[{"href":"https:\/\/observatoriopoliticouniversitario.com\/index.php\/wp-json\/wp\/v2\/posts"}],"about":[{"href":"https:\/\/observatoriopoliticouniversitario.com\/index.php\/wp-json\/wp\/v2\/types\/post"}],"author":[{"embeddable":true,"href":"https:\/\/observatoriopoliticouniversitario.com\/index.php\/wp-json\/wp\/v2\/users\/1"}],"replies":[{"embeddable":true,"href":"https:\/\/observatoriopoliticouniversitario.com\/index.php\/wp-json\/wp\/v2\/comments?post=228"}],"version-history":[{"count":3,"href":"https:\/\/observatoriopoliticouniversitario.com\/index.php\/wp-json\/wp\/v2\/posts\/228\/revisions"}],"predecessor-version":[{"id":247,"href":"https:\/\/observatoriopoliticouniversitario.com\/index.php\/wp-json\/wp\/v2\/posts\/228\/revisions\/247"}],"wp:featuredmedia":[{"embeddable":true,"href":"https:\/\/observatoriopoliticouniversitario.com\/index.php\/wp-json\/wp\/v2\/media\/231"}],"wp:attachment":[{"href":"https:\/\/observatoriopoliticouniversitario.com\/index.php\/wp-json\/wp\/v2\/media?parent=228"}],"wp:term":[{"taxonomy":"category","embeddable":true,"href":"https:\/\/observatoriopoliticouniversitario.com\/index.php\/wp-json\/wp\/v2\/categories?post=228"},{"taxonomy":"post_tag","embeddable":true,"href":"https:\/\/observatoriopoliticouniversitario.com\/index.php\/wp-json\/wp\/v2\/tags?post=228"}],"curies":[{"name":"wp","href":"https:\/\/api.w.org\/{rel}","templated":true}]}}