{"id":257,"date":"2023-05-24T13:18:15","date_gmt":"2023-05-24T13:18:15","guid":{"rendered":"https:\/\/observatoriopoliticouniversitario.com\/?p=257"},"modified":"2023-05-25T13:23:04","modified_gmt":"2023-05-25T13:23:04","slug":"pagina-universitaria-nueva-epoca","status":"publish","type":"post","link":"https:\/\/observatoriopoliticouniversitario.com\/index.php\/2023\/05\/24\/pagina-universitaria-nueva-epoca\/","title":{"rendered":"Amor Fati, \u201camor al destino\u00bb, y Carpe Diem \u00abaprovechar el d\u00eda\u00bb"},"content":{"rendered":"\n<p>P\u00e1gina universitaria- nueva \u00e9poca<\/p>\n\n\n\n<p>Crist\u00f3bal Arteta Ripoll<\/p>\n\n\n\n<p>Nac\u00ed en una casa de pajas, ubicada detr\u00e1s de la iglesia de San Jos\u00e9 de Saco, en parto atendido por una comadrona, un 16 de noviembre, cuatro meses y 23 d\u00edas antes de la muerte de Jorge Eli\u00e9cer Gait\u00e1n. Mi madre Corina Isabel Ripoll J\u00edmenez y Jos\u00e9 Trinidad Arteta Vargas siempre me hablaron de que no esperaban tener un hijo m\u00e1s despu\u00e9s de mi hermana Sonia. Soy el \u00faltimo de diez, y ya quedamos vivos solo dos hombres y dos mujeres.<\/p>\n\n\n\n<p>Pero no me siento viejo, aunque me vea tal. Cuando alguien me pregunta por la edad siempre le respondo: \u201ctengo la edad de la mujer que amo\u201d. Una respuesta hecha a la medida de mi comprensi\u00f3n del mundo y lo que representa mi finitud y mi intelecci\u00f3n \u00e9tica sobre la realidad humana.<\/p>\n\n\n\n<p>Por primera vez sent\u00ed la vejez pasar al frente, el d\u00eda del reconocimiento que hizo la Universidad del Atl\u00e1ntico a 64 profesores con m\u00e1s de 40 a\u00f1os de servicio, entre los cuales, por supuesto, estaba yo. Y debo reconocer que fue ese acto el que me estimul\u00f3 a hablar y a escribir sobre un tema que hab\u00eda pasado por mi cabeza, pero que no generaba preocupaci\u00f3n alguna en m\u00ed.<\/p>\n\n\n\n<p>Por esa raz\u00f3n, hoy voy hablar de la vejez y, por lo tanto, voy hablar como un viejo que no se siente viejo procurando que el joven que llevo dentro, a manera de \u201cun genio maligno\u201d, no interfiera y distorsione mis sentimientos.<\/p>\n\n\n\n<p>Como viejo profesor siento que en un \u201ceterno retorno\u201d he seleccionado los mejores momentos de mi vida acad\u00e9mica y los repito incansablemente no en forma rectil\u00ednea y circunvalar, sino a manera de espiral enriqueciendo cada d\u00eda mis experiencias y transmitiendo a mis disc\u00edpulos los mejores mensajes de superaci\u00f3n personal en cada encuentro. La grata satisfacci\u00f3n que siento es el afecto con que me saludan y se dirigen a m\u00ed cuando los encuentro en cualquier lugar o en las redes sociales. Es un \u201ceterno retorno\u201d no de lo mismo, sino m\u00e1s de lo mismo y m\u00e1s variado. Es un movimiento no circular sino en espiral.<\/p>\n\n\n\n<p>Como profesor viejo, terminando la tercera edad de mi periplo vital, comprendo y siento que he dado todo lo que tengo a mis hijos y a mis estudiantes en el aula y fuera de ella no tanto para transmitir fr\u00edos conocimientos que reposan en anaqueles de las bibliotecas y que circulan en internet, sino para algo m\u00e1s importante a\u00fan: formar buenos y eficaces ciudadanos para servirse a s\u00ed mismos, a su familia y a la sociedad.<\/p>\n\n\n\n<p>En las \u00faltimas d\u00e9cadas, la expectativa de vida ha aumentado considerablemente, a tal punto que hoy se habla de la cuarta edad, a partir de los ochenta, y, es casi imposible hablar de la vejez a los sesenta. Cuando Cicer\u00f3n escribi\u00f3 sobre la vejez, siendo sexagenario, era porque a esa edad la persona se consideraba vieja. Para esa \u00e9poca, a los 80 a\u00f1os la decrepitud era la constante en la caracterizaci\u00f3n del viejo, si era que llegaba a ser octogenario.<\/p>\n\n\n\n<p>Hoy es distinto, el umbral de la vejez se ha retrasado y a los sesenta esta angustia existencial es solo burocr\u00e1tica por haber llegado a la edad del disfrute de la pensi\u00f3n. Pero no es una vejez biol\u00f3gica. La vejez fisiol\u00f3gica, discurre a partir de los ochenta gracias a factores tales como la preocupaci\u00f3n por el saber, los avances en la medicina, el esmero generalizado por una mejor alimentaci\u00f3n y la pr\u00e1ctica gimn\u00e1stica y deportiva. Pero existe tambi\u00e9n la vejez psicol\u00f3gica que ataca a j\u00f3venes que se comportan como viejos y se sienten viejos, y, es tal vez, la m\u00e1s preocupante porque puede terminar en el suicidio. J\u00f3venes que se sienten viejos y viejos que se sienten j\u00f3venes parece ser la contradicci\u00f3n existencial de la psicolog\u00eda humana. Hay gente vieja a los 18 y gente joven a los 90.<\/p>\n\n\n\n<p>Confieso que nunca me he sentido viejo. Me veo viejo, pero me siento joven. Pero no por ello rechazo y detesto el espejo y las fotos. Me encanta dejar en la historia las huellas del pasado. Es ese sentir joven, el \u201cAlan vital\u201d, que me impulsa y anima a comportarme como joven sin complejos ni prejuicios metaf\u00edsicos, religiosos, morales o f\u00edsicos. Que si las canas, que mira con qui\u00e9n andas, que no te da pena, que c\u00f3mo vistes &#8230;, nada de eso me acompleja ni detiene. Uno se siente feliz haciendo lo que le agrada y c\u00f3mo quiere hacerlo sin da\u00f1ar la libertad y dignidad del otro. Cuando me preguntan por el secreto de mi vitalidad en el gimnasio, jugando f\u00fatbol, en el aula de clase, subiendo escaleras para subir hasta 5 y 6 pisos les respondo: resuelve estas tres preguntas \u00bfqu\u00e9 pienso?, \u00bfqu\u00e9 como? y \u00bfqu\u00e9 hago? Ese es el secreto de mi secreto.<\/p>\n\n\n\n<p>Ya en muchos pa\u00edses se discute sobre la necesidad de alargar la edad de jubilaci\u00f3n y permitir que el octogenario trabaje, no importa si est\u00e1 o no jubilado. Pero como la ausencia o falta de trabajo es la constante en el mundo capitalista, este se ve obligado m\u00e1s bien a proyectar su vida laboral en forma independiente con ingenio y creatividad colaborando con sus hijos, familiares y amigos en las novedades del emprendimiento.<\/p>\n\n\n\n<p>El tiempo pasa inexorablemente y la vida se acaba. Por esa raz\u00f3n hay que vivir cada instante como el \u00faltimo y primer momento de la vida entera.<\/p>\n\n\n\n<p>No hay otra: Amor Fati, \u201camor al destino\u00bb, y Carpe Diem \u00abaprovechar el d\u00eda\u00bb.<\/p>\n\n\n\n<p>Barranquilla, 23 de mayo de 2023.<\/p>\n","protected":false},"excerpt":{"rendered":"<p>P\u00e1gina universitaria- nueva \u00e9poca Crist\u00f3bal Arteta Ripoll Nac\u00ed en una casa de pajas, ubicada detr\u00e1s de la iglesia de San Jos\u00e9 de Saco, en parto atendido por una comadrona, un 16 de noviembre, cuatro meses y 23 d\u00edas antes de la muerte de Jorge Eli\u00e9cer Gait\u00e1n. Mi madre Corina Isabel Ripoll J\u00edmenez y Jos\u00e9 Trinidad [&hellip;]<\/p>\n","protected":false},"author":1,"featured_media":281,"comment_status":"open","ping_status":"open","sticky":true,"template":"","format":"standard","meta":{"om_disable_all_campaigns":false,"_monsterinsights_skip_tracking":false,"_monsterinsights_sitenote_active":false,"_monsterinsights_sitenote_note":"","_monsterinsights_sitenote_category":0,"footnotes":""},"categories":[2],"tags":[34],"class_list":["post-257","post","type-post","status-publish","format-standard","has-post-thumbnail","hentry","category-politica","tag-universidad-del-atlantico"],"_links":{"self":[{"href":"https:\/\/observatoriopoliticouniversitario.com\/index.php\/wp-json\/wp\/v2\/posts\/257","targetHints":{"allow":["GET"]}}],"collection":[{"href":"https:\/\/observatoriopoliticouniversitario.com\/index.php\/wp-json\/wp\/v2\/posts"}],"about":[{"href":"https:\/\/observatoriopoliticouniversitario.com\/index.php\/wp-json\/wp\/v2\/types\/post"}],"author":[{"embeddable":true,"href":"https:\/\/observatoriopoliticouniversitario.com\/index.php\/wp-json\/wp\/v2\/users\/1"}],"replies":[{"embeddable":true,"href":"https:\/\/observatoriopoliticouniversitario.com\/index.php\/wp-json\/wp\/v2\/comments?post=257"}],"version-history":[{"count":8,"href":"https:\/\/observatoriopoliticouniversitario.com\/index.php\/wp-json\/wp\/v2\/posts\/257\/revisions"}],"predecessor-version":[{"id":293,"href":"https:\/\/observatoriopoliticouniversitario.com\/index.php\/wp-json\/wp\/v2\/posts\/257\/revisions\/293"}],"wp:featuredmedia":[{"embeddable":true,"href":"https:\/\/observatoriopoliticouniversitario.com\/index.php\/wp-json\/wp\/v2\/media\/281"}],"wp:attachment":[{"href":"https:\/\/observatoriopoliticouniversitario.com\/index.php\/wp-json\/wp\/v2\/media?parent=257"}],"wp:term":[{"taxonomy":"category","embeddable":true,"href":"https:\/\/observatoriopoliticouniversitario.com\/index.php\/wp-json\/wp\/v2\/categories?post=257"},{"taxonomy":"post_tag","embeddable":true,"href":"https:\/\/observatoriopoliticouniversitario.com\/index.php\/wp-json\/wp\/v2\/tags?post=257"}],"curies":[{"name":"wp","href":"https:\/\/api.w.org\/{rel}","templated":true}]}}